

{"id":260088,"date":"2021-04-20T09:50:54","date_gmt":"2021-04-20T09:50:54","guid":{"rendered":"https:\/\/wpzakatazure.azurewebsites.net\/i-really-dont-know-how-i-can-pay-my-bills\/"},"modified":"2022-04-06T08:41:45","modified_gmt":"2022-04-06T08:41:45","slug":"je-ne-sais-vraiment-pas-comment-je-vais-payer-mes-factures","status":"publish","type":"post","link":"https:\/\/zakat.ch\/fr\/je-ne-sais-vraiment-pas-comment-je-vais-payer-mes-factures\/","title":{"rendered":"\u00ab\u00a0Je ne sais vraiment pas comment je vais payer mes factures\u00a0\u00bb"},"content":{"rendered":"\r\n<h3>\u00c9tudiante \u00e0 temps plein dans une universit\u00e9 suisse, Zahra* \u00e9tait sur le point de perdre son dipl\u00f4me pour lequel elle avait tant sacrifi\u00e9. La Zakat lui a permis de s\u2019en sortir.<\/h3>\r\n<p>Ayant la plupart de sa famille \u00e0 l\u2019\u00e9tranger, Zahra \u00e9tait venue en Suisse afin de terminer sa formation acad\u00e9mique dans l\u2019une des plus prestigieuses universit\u00e9s d\u2019Europe. Etudiante depuis 2019, Zahra \u00e9tait sur la bonne voie pour accomplir son Advanced Master dans le domaine de l\u2019architecture.<\/p>\r\n<p>En milieu de l\u2019ann\u00e9e 2020, le financement dont elle disposait pour son master touchait \u00e0 sa fin. Seule et isol\u00e9e, son travail de fin d\u2019\u00e9tudes n\u00e9cessitait plus de temps que pr\u00e9vu et Zahra s\u2019est retrouv\u00e9e \u00e0 court de moyens financiers. La crise sanitaire et \u00e9conomique ne lui permettait pas non plus de trouver un travail. Dans le laps de temps limit\u00e9 qui lui restait, la situation devenait tr\u00e8s difficile pour Zahra qui voyait son dipl\u00f4me et ses ambitions lui \u00e9chapper.<\/p>\r\n<p>Elle n\u2019a donc pas h\u00e9sit\u00e9 \u00e0 s\u2019adresser \u00e0 la FSZ pour l\u2019aider \u00e0 r\u00e9soudre sa situation. N\u2019ayant aucun lien ni connaissances dans son milieu de vie, Zahra a trouv\u00e9 disponibilit\u00e9 et attention au sein de l\u2019\u00e9quipe des services sociaux de la FSZ qui a rapidement pris en charge sa demande.<\/p>\r\n<p>Gr\u00e2ce \u00e0 un accompagnement sur mesure, la FSZ a couvert ses besoins jusqu\u2019\u00e0 la fin de ses \u00e9tudes. Ainsi, Zahra a pu, malgr\u00e9 la pand\u00e9mie et l\u2019impossibilit\u00e9 pour elle trouver un travail, terminer son travail d\u2019\u00e9tudes et retrouver sa famille.<\/p>\r\n<p>R\u00e9daction FSZ<\/p>\r\n<p>*Zahra est utilis\u00e9 ici comme pr\u00e9nom d\u2019emprunt<\/p>\r\n<p><em>Ceci est le r\u00e9cit d\u2019une histoire vraie<\/em><\/p>\r\n<p><iframe title=\"Comment la Zakat a aid\u00e9 Zahra - Fondation Suisse pour la Zakat\" width=\"1080\" height=\"608\" data-src=\"https:\/\/www.youtube.com\/embed\/WNTS6O9cROo?feature=oembed\"  allow=\"accelerometer; autoplay; clipboard-write; encrypted-media; gyroscope; picture-in-picture\" allowfullscreen src=\"data:image\/svg+xml;base64,PHN2ZyB3aWR0aD0iMSIgaGVpZ2h0PSIxIiB4bWxucz0iaHR0cDovL3d3dy53My5vcmcvMjAwMC9zdmciPjwvc3ZnPg==\" class=\"lazyload\" data-load-mode=\"1\"><\/iframe><\/p>\r\n<p>&nbsp;<\/p>\r\n\r\n<p><!-- \/wp:post-content --><\/p>","protected":false},"excerpt":{"rendered":"<p>\u00c9tudiante \u00e0 temps plein dans une universit\u00e9 suisse, Zahra* \u00e9tait sur le point de perdre son dipl\u00f4me pour lequel elle avait tant sacrifi\u00e9. La Zakat lui a permis de s\u2019en sortir. Ayant la plupart de sa famille \u00e0 l\u2019\u00e9tranger, Zahra \u00e9tait venue en Suisse afin de terminer sa formation acad\u00e9mique dans l\u2019une des plus prestigieuses [&hellip;]<\/p>\n","protected":false},"author":4,"featured_media":257513,"comment_status":"closed","ping_status":"closed","sticky":false,"template":"","format":"standard","meta":{"_acf_changed":false,"_et_pb_use_builder":"off","_et_pb_old_content":"","_et_gb_content_width":"","inline_featured_image":false,"footnotes":""},"categories":[86],"tags":[],"class_list":["post-260088","post","type-post","status-publish","format-standard","has-post-thumbnail","hentry","category-impact-stories-fr"],"acf":[],"_links":{"self":[{"href":"https:\/\/zakat.ch\/fr\/wp-json\/wp\/v2\/posts\/260088","targetHints":{"allow":["GET"]}}],"collection":[{"href":"https:\/\/zakat.ch\/fr\/wp-json\/wp\/v2\/posts"}],"about":[{"href":"https:\/\/zakat.ch\/fr\/wp-json\/wp\/v2\/types\/post"}],"author":[{"embeddable":true,"href":"https:\/\/zakat.ch\/fr\/wp-json\/wp\/v2\/users\/4"}],"replies":[{"embeddable":true,"href":"https:\/\/zakat.ch\/fr\/wp-json\/wp\/v2\/comments?post=260088"}],"version-history":[{"count":0,"href":"https:\/\/zakat.ch\/fr\/wp-json\/wp\/v2\/posts\/260088\/revisions"}],"wp:featuredmedia":[{"embeddable":true,"href":"https:\/\/zakat.ch\/fr\/wp-json\/wp\/v2\/media\/257513"}],"wp:attachment":[{"href":"https:\/\/zakat.ch\/fr\/wp-json\/wp\/v2\/media?parent=260088"}],"wp:term":[{"taxonomy":"category","embeddable":true,"href":"https:\/\/zakat.ch\/fr\/wp-json\/wp\/v2\/categories?post=260088"},{"taxonomy":"post_tag","embeddable":true,"href":"https:\/\/zakat.ch\/fr\/wp-json\/wp\/v2\/tags?post=260088"}],"curies":[{"name":"wp","href":"https:\/\/api.w.org\/{rel}","templated":true}]}}