

{"id":262529,"date":"2022-04-28T05:50:54","date_gmt":"2022-04-28T05:50:54","guid":{"rendered":"https:\/\/zakat2.wpengine.com\/?p=262529"},"modified":"2023-01-10T16:00:26","modified_gmt":"2023-01-10T16:00:26","slug":"die-situation-war-extrem-schwierig-fuer-mich","status":"publish","type":"post","link":"https:\/\/zakat.ch\/de\/die-situation-war-extrem-schwierig-fuer-mich\/","title":{"rendered":"&#8222;Die Situation war extrem schwierig f\u00fcr mich&#8220;"},"content":{"rendered":"<p><span style=\"font-weight: 400;\">Maryama* ist aus ihrem Heimatland in die Schweiz geflohen. Dort angekommen, wurde sie von ihrem Mann verlassen und blieb allein zur\u00fcck. Von diesem Zeitpunkt an, allein in einer Bergregion und ohne Sprachkenntnisse, begannen sich die Probleme zu h\u00e4ufen. Maryama konnte zu dieser Zeit nicht arbeiten und erhielt nur wenig Unterst\u00fctzung. Es war f\u00fcr sie nicht m\u00f6glich, ihre Rechnungen zu bezahlen.<\/span><\/p>\n<p><span style=\"font-weight: 400;\">Nach einiger Zeit verbesserte sich Maryamas Situation und sie war bereit, ihre Schulden zu bezahlen. Herzensgute Menschen in ihrem Umfeld hielten ihr die Hand und unterst\u00fctzten sie finanziell. Auch unsere Stiftung konnte ihre enorme Belastung lindern, indem sie alle unbezahlten Rechnungen beglich.\u00a0<\/span><\/p>\n<p><span style=\"font-weight: 400;\">Maryama hat mittlerweile einen Aufenthaltsstatus erhalten, der es ihr erm\u00f6glicht, eine Arbeit aufzunehmen und sich selbstst\u00e4ndig zu machen.\u00a0<\/span><\/p>\n<p><span style=\"font-weight: 400;\">Dank der Zakat haben wir ihr ein schuldenfreies Leben und einen Neuanfang erm\u00f6glicht. Maryama macht zur Zeit ein Praktikum im Vertrieb und m\u00f6chte danach eine Ausbildung beginnen.<\/span><\/p>\n<p><span style=\"font-weight: 400;\">Maryama war \u00e4usserst ger\u00fchrt und dankbar f\u00fcr diese einzigartige Unterst\u00fctzung.\u00a0\u00a0\u00a0<\/span><\/p>\n<p><span style=\"font-weight: 400;\">Ihre Zakat macht den Unterschied<\/span><\/p>\n<p>Redaktionsteam SZS<\/p>\n<p>*Der Name wurde von uns ge\u00e4ndert<\/p>\n<p><em>Dies ist eine wahre Geschichte<\/em><\/p>\n<p><iframe title=\"Die Geschichte von Maryama* | Zakat verbindet uns\" width=\"1080\" height=\"608\" data-src=\"https:\/\/www.youtube.com\/embed\/mPYNawK5J8E?feature=oembed\"  allow=\"accelerometer; autoplay; clipboard-write; encrypted-media; gyroscope; picture-in-picture\" allowfullscreen src=\"data:image\/svg+xml;base64,PHN2ZyB3aWR0aD0iMSIgaGVpZ2h0PSIxIiB4bWxucz0iaHR0cDovL3d3dy53My5vcmcvMjAwMC9zdmciPjwvc3ZnPg==\" class=\"lazyload\" data-load-mode=\"1\"><\/iframe><\/p>\n<p>&nbsp;<\/p>\n<h4 style=\"text-align: center;\"><strong><a href=\"https:\/\/zakat.ch\/de\/mach-mit\/zakat-zahlen\/\">Zakat geben<\/a><\/strong><\/h4>\n<h4 style=\"text-align: center;\"><strong><a href=\"https:\/\/zakat.ch\/de\/mach-mit\/zakat-berechnen\/\">Zakat berechnen<\/a><\/strong><\/h4>\n","protected":false},"excerpt":{"rendered":"<p>Maryama* ist aus ihrem Heimatland in die Schweiz geflohen. Dort angekommen, wurde sie von ihrem Mann verlassen und blieb allein zur\u00fcck. Von diesem Zeitpunkt an, allein in einer Bergregion und ohne Sprachkenntnisse, begannen sich die Probleme zu h\u00e4ufen. Maryama konnte zu dieser Zeit nicht arbeiten und erhielt nur wenig Unterst\u00fctzung. Es war f\u00fcr sie nicht [&hellip;]<\/p>\n","protected":false},"author":4,"featured_media":262530,"comment_status":"closed","ping_status":"open","sticky":false,"template":"","format":"standard","meta":{"_acf_changed":false,"_et_pb_use_builder":"","_et_pb_old_content":"","_et_gb_content_width":"","inline_featured_image":false,"footnotes":""},"categories":[84],"tags":[218,94,95],"class_list":["post-262529","post","type-post","status-publish","format-standard","has-post-thumbnail","hentry","category-impact-stories-de","tag-fluechtling","tag-impact-de","tag-zakat-de"],"acf":[],"_links":{"self":[{"href":"https:\/\/zakat.ch\/de\/wp-json\/wp\/v2\/posts\/262529","targetHints":{"allow":["GET"]}}],"collection":[{"href":"https:\/\/zakat.ch\/de\/wp-json\/wp\/v2\/posts"}],"about":[{"href":"https:\/\/zakat.ch\/de\/wp-json\/wp\/v2\/types\/post"}],"author":[{"embeddable":true,"href":"https:\/\/zakat.ch\/de\/wp-json\/wp\/v2\/users\/4"}],"replies":[{"embeddable":true,"href":"https:\/\/zakat.ch\/de\/wp-json\/wp\/v2\/comments?post=262529"}],"version-history":[{"count":0,"href":"https:\/\/zakat.ch\/de\/wp-json\/wp\/v2\/posts\/262529\/revisions"}],"wp:featuredmedia":[{"embeddable":true,"href":"https:\/\/zakat.ch\/de\/wp-json\/wp\/v2\/media\/262530"}],"wp:attachment":[{"href":"https:\/\/zakat.ch\/de\/wp-json\/wp\/v2\/media?parent=262529"}],"wp:term":[{"taxonomy":"category","embeddable":true,"href":"https:\/\/zakat.ch\/de\/wp-json\/wp\/v2\/categories?post=262529"},{"taxonomy":"post_tag","embeddable":true,"href":"https:\/\/zakat.ch\/de\/wp-json\/wp\/v2\/tags?post=262529"}],"curies":[{"name":"wp","href":"https:\/\/api.w.org\/{rel}","templated":true}]}}