

{"id":262509,"date":"2022-04-28T01:10:21","date_gmt":"2022-04-28T01:10:21","guid":{"rendered":"https:\/\/zakat2.wpengine.com\/?p=262509"},"modified":"2023-01-10T16:00:35","modified_gmt":"2023-01-10T16:00:35","slug":"ein-neuer-anfang","status":"publish","type":"post","link":"https:\/\/zakat.ch\/de\/ein-neuer-anfang\/","title":{"rendered":"Ein neuer Anfang"},"content":{"rendered":"<h3>Ausgangslage: Familie, Flucht &amp; Migration<\/h3>\n<p>Yasser* ist vor Verfolgung und Folter aus seinem Heimatland geflohen. Als ausgebildeter Informatiker engagierte sich Yasser in einer lokalen Umweltschutzorganisation und sammelte Unterschriften, um auf die Verschmutzung des gr\u00f6\u00dften lokalen Flusses durch Fabrikabf\u00e4lle aufmerksam zu machen. Aufgrund dieser Aktivit\u00e4ten wurde Yasser eines Abends festgenommen und wegen Aufstachelung zum Hass und Gef\u00e4hrdung der \u00f6ffentlichen Sicherheit angeklagt. Yasser wurde physisch und psychisch gefoltert, brutal geschlagen und gedem\u00fctigt. Nach der Inhaftierung wurde Yasser fristlos aus seinem langj\u00e4hrigen Arbeitsverh\u00e4ltnis entlassen. Da das Leben f\u00fcr ihn unm\u00f6glich wurde, floh Yasser 2016 auf dem Landweg und kam nach einer fast zweij\u00e4hrigen Migrationsreise 2018 in der Schweiz an, wo er seinen Asylantrag stellen konnte.<\/p>\n<p>Aufgrund seiner schweren traumatischen Erfahrungen im Gef\u00e4ngnis und der daraus resultierenden posttraumatischen Belastungsst\u00f6rung, Depression und Angst vor Verfolgung ist es f\u00fcr Yasser noch nicht m\u00f6glich, sich l\u00e4ngere Zeit in geschlossenen R\u00e4umen aufzuhalten. Das Leben in den Sammelunterk\u00fcnften f\u00fcr Asylbewerber war f\u00fcr ihn sehr schwer zu ertragen.<\/p>\n<h3>Derzeitige Situation<\/h3>\n<p>Yasser wird medizinisch begleitet und konnte in der Zwischenzeit seine Projekte zur sozio-professionellen Integration und finanziellen Unabh\u00e4ngigkeit mit guten Ergebnissen fortsetzen. Yasser konnte eine unbefristete Stelle in einem Umzugs- und Reinigungsunternehmen antreten. Sein mittelfristiges Ziel ist es, so schnell wie m\u00f6glich noch besser Franz\u00f6sisch zu lernen, seine berufliche Situation (Arbeitsplatz mit festem Gehalt und festen Arbeitszeiten) zu festigen und sich so endg\u00fcltig von der Abh\u00e4ngigkeit jeglicher Unterst\u00fctzung zu befreien.<\/p>\n<p>Die Unabh\u00e4ngigkeit von der F\u00fcrsorge, ein festes Einkommen und eine angemessene Unterkunft sind die Grundvoraussetzungen f\u00fcr die Familienzusammenf\u00fchrung. Yasser ist seit fast f\u00fcnf Jahren von seiner Frau und seiner Tochter getrennt. Sein gr\u00f6sster Wunsch ist es, bald wieder mit seiner Familie zusammenleben zu k\u00f6nnen und sich hier in der Schweiz eine friedlichere gemeinsame Zukunft aufzubauen. Dies m\u00f6chte die Schweizerische Zakat-Stiftung erm\u00f6glichen.<\/p>\n<h3>Perspektiven<\/h3>\n<p>Seine neue Wohnsituation in seiner eigenen Einzimmerwohnung gibt ihm ein Gef\u00fchl der Sicherheit und den dringend ben\u00f6tigten Erholungsraum. Yasser konnte seine Gesundheit so weit stabilisieren, dass er sich wieder konzentrieren kann, und dass der Erwerb der franz\u00f6sischen Sprache ein realistisches Ziel bleibt. Dazu braucht Yasser ein individualisiertes und eigenst\u00e4ndiges Kursangebot, das die FSZ unterst\u00fctzt. Mit seinen Computerkenntnissen haben wir Yasser sogar ermutigt, sich f\u00fcr das Programm von <a href=\"https:\/\/powercoders.org\" target=\"_blank\" rel=\"noopener\">Powercoders<\/a> anzumelden, das das Potenzial von Migranten mit Computerkenntnissen f\u00f6rdert und sie bei der Integration in den Schweizer Arbeitsmarkt unterst\u00fctzt.<\/p>\n<p>Redaktionsteam SZS<\/p>\n<p>*Der Name wurde von uns ge\u00e4ndert<\/p>\n<p><em>Dies ist eine wahre Geschichte<\/em><\/p>\n<h4 style=\"text-align: center;\"><strong><a href=\"https:\/\/zakat.ch\/de\/mach-mit\/zakat-zahlen\/\">Zakat geben<\/a><\/strong><\/h4>\n<h4 style=\"text-align: center;\"><strong><a href=\"https:\/\/zakat.ch\/de\/mach-mit\/zakat-berechnen\/\">Zakat berechnen<\/a><\/strong><\/h4>\n","protected":false},"excerpt":{"rendered":"<p>Ausgangslage: Familie, Flucht &amp; Migration Yasser* ist vor Verfolgung und Folter aus seinem Heimatland geflohen. Als ausgebildeter Informatiker engagierte sich Yasser in einer lokalen Umweltschutzorganisation und sammelte Unterschriften, um auf die Verschmutzung des gr\u00f6\u00dften lokalen Flusses durch Fabrikabf\u00e4lle aufmerksam zu machen. Aufgrund dieser Aktivit\u00e4ten wurde Yasser eines Abends festgenommen und wegen Aufstachelung zum Hass und [&hellip;]<\/p>\n","protected":false},"author":4,"featured_media":262513,"comment_status":"closed","ping_status":"open","sticky":false,"template":"","format":"standard","meta":{"_acf_changed":false,"_et_pb_use_builder":"","_et_pb_old_content":"","_et_gb_content_width":"","inline_featured_image":false,"footnotes":""},"categories":[84],"tags":[94,95],"class_list":["post-262509","post","type-post","status-publish","format-standard","has-post-thumbnail","hentry","category-impact-stories-de","tag-impact-de","tag-zakat-de"],"acf":[],"_links":{"self":[{"href":"https:\/\/zakat.ch\/de\/wp-json\/wp\/v2\/posts\/262509","targetHints":{"allow":["GET"]}}],"collection":[{"href":"https:\/\/zakat.ch\/de\/wp-json\/wp\/v2\/posts"}],"about":[{"href":"https:\/\/zakat.ch\/de\/wp-json\/wp\/v2\/types\/post"}],"author":[{"embeddable":true,"href":"https:\/\/zakat.ch\/de\/wp-json\/wp\/v2\/users\/4"}],"replies":[{"embeddable":true,"href":"https:\/\/zakat.ch\/de\/wp-json\/wp\/v2\/comments?post=262509"}],"version-history":[{"count":0,"href":"https:\/\/zakat.ch\/de\/wp-json\/wp\/v2\/posts\/262509\/revisions"}],"wp:featuredmedia":[{"embeddable":true,"href":"https:\/\/zakat.ch\/de\/wp-json\/wp\/v2\/media\/262513"}],"wp:attachment":[{"href":"https:\/\/zakat.ch\/de\/wp-json\/wp\/v2\/media?parent=262509"}],"wp:term":[{"taxonomy":"category","embeddable":true,"href":"https:\/\/zakat.ch\/de\/wp-json\/wp\/v2\/categories?post=262509"},{"taxonomy":"post_tag","embeddable":true,"href":"https:\/\/zakat.ch\/de\/wp-json\/wp\/v2\/tags?post=262509"}],"curies":[{"name":"wp","href":"https:\/\/api.w.org\/{rel}","templated":true}]}}